{"id":2946,"date":"2020-04-28T15:37:22","date_gmt":"2020-04-28T13:37:22","guid":{"rendered":"http:\/\/www.volksbanken-laufcup.de\/?p=2946"},"modified":"2020-04-28T15:37:23","modified_gmt":"2020-04-28T13:37:23","slug":"absage-volksbanken-laufcup","status":"publish","type":"post","link":"https:\/\/www.volksbanken-laufcup.de\/?p=2946","title":{"rendered":"Absage Volksbanken Laufcup"},"content":{"rendered":"\n<p>Liebe L\u00e4uferinnen und L\u00e4ufer!<\/p>\n\n\n\n<p>Das Coronavirus breitet sich weiterhin in Deutschland und weltweit aus.<br> Es werden und wurden immer mehr Laufveranstaltungen wie auch der Sparkassen Cup abgesagt.<br> Wir haben uns nun auch schweren Herzens dazu entschlossen f\u00fcr die kommende Saison den Volksbanken Laufcup abzusagen.<br> Wir hoffen, dass sich die Lage bald wieder entspannt und wir nur diese eine Saison \u00fcberspringen m\u00fcssen.<br> Ob die dem Cup zugrundeliegenden L\u00e4ufe in irgendeiner Form stattfinden werden k\u00f6nnen wir nicht beurteilen und wird vom jeweiligen Veranstalter entschieden.<\/p>\n\n\n\n<p>Was jetzt vor allem wichtig ist, dass wir Acht geben und gesund bleiben. Dr\u00fcckt die Daumen, dass wir bald wieder zusammen laufen k\u00f6nnen.<\/p>\n\n\n\n<p>Das Orga Team<\/p>\n","protected":false},"excerpt":{"rendered":"<p>Liebe L\u00e4uferinnen und L\u00e4ufer! Das Coronavirus breitet sich weiterhin in Deutschland und weltweit aus. Es werden und wurden immer mehr Laufveranstaltungen wie auch der Sparkassen Cup abgesagt. Wir haben uns nun auch schweren Herzens dazu entschlossen f\u00fcr die kommende Saison den Volksbanken Laufcup abzusagen. Wir hoffen, dass sich die Lage bald wieder entspannt und wir [&hellip;]<\/p>\n","protected":false},"author":4,"featured_media":2947,"comment_status":"closed","ping_status":"closed","sticky":false,"template":"","format":"standard","meta":{"footnotes":""},"categories":[1],"tags":[],"_links":{"self":[{"href":"https:\/\/www.volksbanken-laufcup.de\/index.php?rest_route=\/wp\/v2\/posts\/2946"}],"collection":[{"href":"https:\/\/www.volksbanken-laufcup.de\/index.php?rest_route=\/wp\/v2\/posts"}],"about":[{"href":"https:\/\/www.volksbanken-laufcup.de\/index.php?rest_route=\/wp\/v2\/types\/post"}],"author":[{"embeddable":true,"href":"https:\/\/www.volksbanken-laufcup.de\/index.php?rest_route=\/wp\/v2\/users\/4"}],"replies":[{"embeddable":true,"href":"https:\/\/www.volksbanken-laufcup.de\/index.php?rest_route=%2Fwp%2Fv2%2Fcomments&post=2946"}],"version-history":[{"count":1,"href":"https:\/\/www.volksbanken-laufcup.de\/index.php?rest_route=\/wp\/v2\/posts\/2946\/revisions"}],"predecessor-version":[{"id":2948,"href":"https:\/\/www.volksbanken-laufcup.de\/index.php?rest_route=\/wp\/v2\/posts\/2946\/revisions\/2948"}],"wp:featuredmedia":[{"embeddable":true,"href":"https:\/\/www.volksbanken-laufcup.de\/index.php?rest_route=\/wp\/v2\/media\/2947"}],"wp:attachment":[{"href":"https:\/\/www.volksbanken-laufcup.de\/index.php?rest_route=%2Fwp%2Fv2%2Fmedia&parent=2946"}],"wp:term":[{"taxonomy":"category","embeddable":true,"href":"https:\/\/www.volksbanken-laufcup.de\/index.php?rest_route=%2Fwp%2Fv2%2Fcategories&post=2946"},{"taxonomy":"post_tag","embeddable":true,"href":"https:\/\/www.volksbanken-laufcup.de\/index.php?rest_route=%2Fwp%2Fv2%2Ftags&post=2946"}],"curies":[{"name":"wp","href":"https:\/\/api.w.org\/{rel}","templated":true}]}}